{"id":26076,"date":"2015-07-14T08:46:42","date_gmt":"2015-07-14T08:46:42","guid":{"rendered":"https:\/\/petronor.eus\/?p=26076"},"modified":"2015-08-03T13:38:31","modified_gmt":"2015-08-03T11:38:31","slug":"pobenak-1890-urtera-bueltatu-da","status":"publish","type":"post","link":"https:\/\/petronor.eus\/eu\/2015\/07\/pobenak-1890-urtera-bueltatu-da\/","title":{"rendered":"Pobe\u00f1a 1890 urtera bueltatu da"},"content":{"rendered":"<strong>Pobe\u00f1a<\/strong> 1890ren VII. edizio honetan ehun pertsona inguruk karakterizatu ziren bisitari zein belaunaldi horietako ondorengoei kanpoko konpainiak heldu eta burdin mearen ustiapen industriala baino lehenagoko bizimodua erakusteko asmoz, hamabost eszenatokietan aurkeztuz: mearen karga, ohiko bizimodua, janari-denda, pa\u00f1ol-a, notariotza, taberna, Marinel-lanbidea eta arrantza, meategi zein harri-zulatzaileak, ikatz zuloa eta eskolak. Gainera, garai horretako ohiko produktuen dastatzeak eskaini ziren.\r\n\r\nAurten, <strong>Pobe\u00f1a<\/strong>ko pertsonarik nagusiena omentzeaz gainera, kasu honetan Merche Mendizabal, duela gutxi hildako eta Pobe\u00f1a 1890an parte hartzen zuen Jose Antonio Betanzos gogoan izan zen. Familiak Jose Antonioren argazkia zuen koadroa jaso zuen <strong>Gualber Atxurra Petronor<\/strong>ren Erakunde Harremanetako teknikariaren eta <strong>Pobe\u00f1a<\/strong>ko auzokidearen eskuetatik.\r\n\r\nArgazkiak, <a title=\"Argazkiak\" href=\"http:\/\/www.blogdepetronor.com\/2015\/07\/pobena-1890-en-imagenes.html\" target=\"_blank\">hemen.<\/a>","protected":false},"excerpt":{"rendered":"<strong>Pobe\u00f1a<\/strong>k bere meatzari iragana omendu zuen igandean <strong>Pobe\u00f1a<\/strong> 1890ren VII. edizioan.","protected":false},"author":5,"featured_media":26078,"comment_status":"open","ping_status":"open","sticky":false,"template":"","format":"standard","meta":{"footnotes":""},"categories":[70],"tags":[116],"class_list":["post-26076","post","type-post","status-publish","format-standard","has-post-thumbnail","hentry","category-albisteak","tag-ingurunea"],"yoast_head":"<!-- This site is optimized with the Yoast SEO plugin v24.7 - https:\/\/yoast.com\/wordpress\/plugins\/seo\/ -->\n<title>Pobe\u00f1a 1890 urtera bueltatu da<\/title>\n<meta name=\"robots\" content=\"index, follow, max-snippet:-1, max-image-preview:large, max-video-preview:-1\" \/>\n<link rel=\"canonical\" href=\"https:\/\/petronor.eus\/eu\/2015\/07\/pobenak-1890-urtera-bueltatu-da\/\" \/>\n<meta property=\"og:locale\" content=\"en_US\" \/>\n<meta property=\"og:type\" content=\"article\" \/>\n<meta property=\"og:title\" content=\"Pobe\u00f1a 1890 urtera bueltatu da\" \/>\n<meta property=\"og:description\" content=\"Pobe\u00f1ak bere meatzari iragana omendu zuen igandean Pobe\u00f1a 1890ren VII. edizioan.\" \/>\n<meta property=\"og:url\" content=\"https:\/\/petronor.eus\/eu\/2015\/07\/pobenak-1890-urtera-bueltatu-da\/\" \/>\n<meta property=\"og:site_name\" content=\"Petronor\" \/>\n<meta property=\"article:published_time\" content=\"2015-07-14T08:46:42+00:00\" \/>\n<meta property=\"article:modified_time\" content=\"2015-08-03T11:38:31+00:00\" \/>\n<meta property=\"og:image\" content=\"https:\/\/petronor.eus\/wp-content\/uploads\/2015\/07\/Petronor_Pobe\u00f1a1890.jpg\" \/>\n\t<meta property=\"og:image:width\" content=\"750\" \/>\n\t<meta property=\"og:image:height\" content=\"440\" \/>\n\t<meta property=\"og:image:type\" content=\"image\/jpeg\" \/>\n<meta name=\"author\" content=\"Petronor User\" \/>\n<meta name=\"twitter:label1\" content=\"Written by\" \/>\n\t<meta name=\"twitter:data1\" content=\"Petronor User\" \/>\n\t<meta name=\"twitter:label2\" content=\"Est. reading time\" \/>\n\t<meta name=\"twitter:data2\" content=\"1 minutua\" \/>\n<script type=\"application\/ld+json\" class=\"yoast-schema-graph\">{\"@context\":\"https:\/\/schema.org\",\"@graph\":[{\"@type\":\"WebPage\",\"@id\":\"https:\/\/petronor.eus\/eu\/2015\/07\/pobenak-1890-urtera-bueltatu-da\/\",\"url\":\"https:\/\/petronor.eus\/eu\/2015\/07\/pobenak-1890-urtera-bueltatu-da\/\",\"name\":\"Pobe\u00f1a 1890 urtera bueltatu da\",\"isPartOf\":{\"@id\":\"https:\/\/petronor.eus\/es\/#website\"},\"primaryImageOfPage\":{\"@id\":\"https:\/\/petronor.eus\/eu\/2015\/07\/pobenak-1890-urtera-bueltatu-da\/#primaryimage\"},\"image\":{\"@id\":\"https:\/\/petronor.eus\/eu\/2015\/07\/pobenak-1890-urtera-bueltatu-da\/#primaryimage\"},\"thumbnailUrl\":\"https:\/\/petronor.eus\/wp-content\/uploads\/2015\/07\/Petronor_Pobe\u00f1a1890.jpg\",\"datePublished\":\"2015-07-14T08:46:42+00:00\",\"dateModified\":\"2015-08-03T11:38:31+00:00\",\"author\":{\"@id\":\"https:\/\/petronor.eus\/es\/#\/schema\/person\/fd6bd800e1733647d78fbc4108fd4a92\"},\"breadcrumb\":{\"@id\":\"https:\/\/petronor.eus\/eu\/2015\/07\/pobenak-1890-urtera-bueltatu-da\/#breadcrumb\"},\"inLanguage\":\"eu\",\"potentialAction\":[{\"@type\":\"ReadAction\",\"target\":[\"https:\/\/petronor.eus\/eu\/2015\/07\/pobenak-1890-urtera-bueltatu-da\/\"]}]},{\"@type\":\"ImageObject\",\"inLanguage\":\"eu\",\"@id\":\"https:\/\/petronor.eus\/eu\/2015\/07\/pobenak-1890-urtera-bueltatu-da\/#primaryimage\",\"url\":\"https:\/\/petronor.eus\/wp-content\/uploads\/2015\/07\/Petronor_Pobe\u00f1a1890.jpg\",\"contentUrl\":\"https:\/\/petronor.eus\/wp-content\/uploads\/2015\/07\/Petronor_Pobe\u00f1a1890.jpg\",\"width\":750,\"height\":440,\"caption\":\"Pobe\u00f1a 1890-ean parte hartu zutenen familia argazkia.\"},{\"@type\":\"BreadcrumbList\",\"@id\":\"https:\/\/petronor.eus\/eu\/2015\/07\/pobenak-1890-urtera-bueltatu-da\/#breadcrumb\",\"itemListElement\":[{\"@type\":\"ListItem\",\"position\":1,\"name\":\"Home\",\"item\":\"https:\/\/petronor.eus\/eu\/\"},{\"@type\":\"ListItem\",\"position\":2,\"name\":\"Pobe\u00f1a 1890 urtera bueltatu da\"}]},{\"@type\":\"WebSite\",\"@id\":\"https:\/\/petronor.eus\/es\/#website\",\"url\":\"https:\/\/petronor.eus\/es\/\",\"name\":\"Petronor\",\"description\":\"\",\"potentialAction\":[{\"@type\":\"SearchAction\",\"target\":{\"@type\":\"EntryPoint\",\"urlTemplate\":\"https:\/\/petronor.eus\/es\/?s={search_term_string}\"},\"query-input\":{\"@type\":\"PropertyValueSpecification\",\"valueRequired\":true,\"valueName\":\"search_term_string\"}}],\"inLanguage\":\"eu\"},{\"@type\":\"Person\",\"@id\":\"https:\/\/petronor.eus\/es\/#\/schema\/person\/fd6bd800e1733647d78fbc4108fd4a92\",\"name\":\"Petronor User\",\"image\":{\"@type\":\"ImageObject\",\"inLanguage\":\"eu\",\"@id\":\"https:\/\/petronor.eus\/es\/#\/schema\/person\/image\/\",\"url\":\"https:\/\/secure.gravatar.com\/avatar\/b58c6f14d292556214bd64909bcdb118?s=96&d=mm&r=g\",\"contentUrl\":\"https:\/\/secure.gravatar.com\/avatar\/b58c6f14d292556214bd64909bcdb118?s=96&d=mm&r=g\",\"caption\":\"Petronor User\"},\"url\":\"https:\/\/petronor.eus\/eu\/author\/petronor_us\/\"}]}<\/script>\n<!-- \/ Yoast SEO plugin. -->","yoast_head_json":{"title":"Pobe\u00f1a 1890 urtera bueltatu da","robots":{"index":"index","follow":"follow","max-snippet":"max-snippet:-1","max-image-preview":"max-image-preview:large","max-video-preview":"max-video-preview:-1"},"canonical":"https:\/\/petronor.eus\/eu\/2015\/07\/pobenak-1890-urtera-bueltatu-da\/","og_locale":"en_US","og_type":"article","og_title":"Pobe\u00f1a 1890 urtera bueltatu da","og_description":"Pobe\u00f1ak bere meatzari iragana omendu zuen igandean Pobe\u00f1a 1890ren VII. edizioan.","og_url":"https:\/\/petronor.eus\/eu\/2015\/07\/pobenak-1890-urtera-bueltatu-da\/","og_site_name":"Petronor","article_published_time":"2015-07-14T08:46:42+00:00","article_modified_time":"2015-08-03T11:38:31+00:00","og_image":[{"width":750,"height":440,"url":"https:\/\/petronor.eus\/wp-content\/uploads\/2015\/07\/Petronor_Pobe\u00f1a1890.jpg","type":"image\/jpeg"}],"author":"Petronor User","twitter_misc":{"Written by":"Petronor User","Est. reading time":"1 minutua"},"schema":{"@context":"https:\/\/schema.org","@graph":[{"@type":"WebPage","@id":"https:\/\/petronor.eus\/eu\/2015\/07\/pobenak-1890-urtera-bueltatu-da\/","url":"https:\/\/petronor.eus\/eu\/2015\/07\/pobenak-1890-urtera-bueltatu-da\/","name":"Pobe\u00f1a 1890 urtera bueltatu da","isPartOf":{"@id":"https:\/\/petronor.eus\/es\/#website"},"primaryImageOfPage":{"@id":"https:\/\/petronor.eus\/eu\/2015\/07\/pobenak-1890-urtera-bueltatu-da\/#primaryimage"},"image":{"@id":"https:\/\/petronor.eus\/eu\/2015\/07\/pobenak-1890-urtera-bueltatu-da\/#primaryimage"},"thumbnailUrl":"https:\/\/petronor.eus\/wp-content\/uploads\/2015\/07\/Petronor_Pobe\u00f1a1890.jpg","datePublished":"2015-07-14T08:46:42+00:00","dateModified":"2015-08-03T11:38:31+00:00","author":{"@id":"https:\/\/petronor.eus\/es\/#\/schema\/person\/fd6bd800e1733647d78fbc4108fd4a92"},"breadcrumb":{"@id":"https:\/\/petronor.eus\/eu\/2015\/07\/pobenak-1890-urtera-bueltatu-da\/#breadcrumb"},"inLanguage":"eu","potentialAction":[{"@type":"ReadAction","target":["https:\/\/petronor.eus\/eu\/2015\/07\/pobenak-1890-urtera-bueltatu-da\/"]}]},{"@type":"ImageObject","inLanguage":"eu","@id":"https:\/\/petronor.eus\/eu\/2015\/07\/pobenak-1890-urtera-bueltatu-da\/#primaryimage","url":"https:\/\/petronor.eus\/wp-content\/uploads\/2015\/07\/Petronor_Pobe\u00f1a1890.jpg","contentUrl":"https:\/\/petronor.eus\/wp-content\/uploads\/2015\/07\/Petronor_Pobe\u00f1a1890.jpg","width":750,"height":440,"caption":"Pobe\u00f1a 1890-ean parte hartu zutenen familia argazkia."},{"@type":"BreadcrumbList","@id":"https:\/\/petronor.eus\/eu\/2015\/07\/pobenak-1890-urtera-bueltatu-da\/#breadcrumb","itemListElement":[{"@type":"ListItem","position":1,"name":"Home","item":"https:\/\/petronor.eus\/eu\/"},{"@type":"ListItem","position":2,"name":"Pobe\u00f1a 1890 urtera bueltatu da"}]},{"@type":"WebSite","@id":"https:\/\/petronor.eus\/es\/#website","url":"https:\/\/petronor.eus\/es\/","name":"Petronor","description":"","potentialAction":[{"@type":"SearchAction","target":{"@type":"EntryPoint","urlTemplate":"https:\/\/petronor.eus\/es\/?s={search_term_string}"},"query-input":{"@type":"PropertyValueSpecification","valueRequired":true,"valueName":"search_term_string"}}],"inLanguage":"eu"},{"@type":"Person","@id":"https:\/\/petronor.eus\/es\/#\/schema\/person\/fd6bd800e1733647d78fbc4108fd4a92","name":"Petronor User","image":{"@type":"ImageObject","inLanguage":"eu","@id":"https:\/\/petronor.eus\/es\/#\/schema\/person\/image\/","url":"https:\/\/secure.gravatar.com\/avatar\/b58c6f14d292556214bd64909bcdb118?s=96&d=mm&r=g","contentUrl":"https:\/\/secure.gravatar.com\/avatar\/b58c6f14d292556214bd64909bcdb118?s=96&d=mm&r=g","caption":"Petronor User"},"url":"https:\/\/petronor.eus\/eu\/author\/petronor_us\/"}]}},"_links":{"self":[{"href":"https:\/\/petronor.eus\/eu\/wp-json\/wp\/v2\/posts\/26076","targetHints":{"allow":["GET"]}}],"collection":[{"href":"https:\/\/petronor.eus\/eu\/wp-json\/wp\/v2\/posts"}],"about":[{"href":"https:\/\/petronor.eus\/eu\/wp-json\/wp\/v2\/types\/post"}],"author":[{"embeddable":true,"href":"https:\/\/petronor.eus\/eu\/wp-json\/wp\/v2\/users\/5"}],"replies":[{"embeddable":true,"href":"https:\/\/petronor.eus\/eu\/wp-json\/wp\/v2\/comments?post=26076"}],"version-history":[{"count":5,"href":"https:\/\/petronor.eus\/eu\/wp-json\/wp\/v2\/posts\/26076\/revisions"}],"predecessor-version":[{"id":26098,"href":"https:\/\/petronor.eus\/eu\/wp-json\/wp\/v2\/posts\/26076\/revisions\/26098"}],"wp:featuredmedia":[{"embeddable":true,"href":"https:\/\/petronor.eus\/eu\/wp-json\/wp\/v2\/media\/26078"}],"wp:attachment":[{"href":"https:\/\/petronor.eus\/eu\/wp-json\/wp\/v2\/media?parent=26076"}],"wp:term":[{"taxonomy":"category","embeddable":true,"href":"https:\/\/petronor.eus\/eu\/wp-json\/wp\/v2\/categories?post=26076"},{"taxonomy":"post_tag","embeddable":true,"href":"https:\/\/petronor.eus\/eu\/wp-json\/wp\/v2\/tags?post=26076"}],"curies":[{"name":"wp","href":"https:\/\/api.w.org\/{rel}","templated":true}]}}